{"id":1855,"date":"2020-12-11T21:09:46","date_gmt":"2020-12-11T21:09:46","guid":{"rendered":"https:\/\/www.cronicasdamadrugada.com\/wpc\/?p=1855"},"modified":"2020-12-21T20:46:00","modified_gmt":"2020-12-21T20:46:00","slug":"uma-noite-com-drave-so-para-mim-ii-a-pastora-anfitria","status":"publish","type":"post","link":"https:\/\/www.cronicasdamadrugada.com\/wpc\/uma-noite-com-drave-so-para-mim-ii-a-pastora-anfitria\/","title":{"rendered":"UMA NOITE COM DRAVE S\u00d3 PARA MIM \u00abII &#8211; A Pastora Anfitri\u00e3\u00bb"},"content":{"rendered":"<p><span class=\"wpsdc-drop-cap\">V<\/span>i-a partir da aldeia de Regoufe e subir a montanha com o seu rebanho, pouco depois da hora de almo\u00e7o. Encontrei-a agora junto ao cruzeiro da aldeia deserta de Drave. Chama-se F\u00e1tima, tem 50 anos (a a\u00e7\u00e3o deste texto decorre em 2015, hoje tem 55) e foi pastora toda a vida.<br \/>\nS\u00e3o 17:30, vai descansar aqui um pouco, antes de reunir as cabras e regressar. Converso com ela, fa\u00e7o-lhe perguntas sobre Drave.<\/p>\n<p>\u201cEra um s\u00edtio onde reinava a alegria. No fim da ceifa, havia sempre baile. Algu\u00e9m levava uma grafonola e, por mais cansados que estivessem, havia sempre for\u00e7a para dan\u00e7ar\u201d. Explica-me que os bailes eram o evento social mais ansiado pelos jovens de outrora. \u201cOs rapazes andavam uma, duas ou mais horas por caminhos de montanha at\u00e9 chegar a povoa\u00e7\u00f5es vizinhas, s\u00f3 para conhecer as raparigas bonitas que vinham de fora para as festividades\u201d.<\/p>\n<p>&nbsp;<\/p>\n<p><a href=\"https:\/\/www.cronicasdamadrugada.com\/wpc\/wp-content\/uploads\/2020\/12\/IMG_9215-1-scaled.jpg\"><img loading=\"lazy\" decoding=\"async\" class=\"aligncenter wp-image-1871 size-large\" src=\"https:\/\/www.cronicasdamadrugada.com\/wpc\/wp-content\/uploads\/2020\/12\/IMG_9215-1-1024x683.jpg\" alt=\"\" width=\"1024\" height=\"683\" srcset=\"https:\/\/www.cronicasdamadrugada.com\/wpc\/wp-content\/uploads\/2020\/12\/IMG_9215-1-1024x683.jpg 1024w, https:\/\/www.cronicasdamadrugada.com\/wpc\/wp-content\/uploads\/2020\/12\/IMG_9215-1-300x200.jpg 300w, https:\/\/www.cronicasdamadrugada.com\/wpc\/wp-content\/uploads\/2020\/12\/IMG_9215-1-768x512.jpg 768w, https:\/\/www.cronicasdamadrugada.com\/wpc\/wp-content\/uploads\/2020\/12\/IMG_9215-1-1536x1024.jpg 1536w, https:\/\/www.cronicasdamadrugada.com\/wpc\/wp-content\/uploads\/2020\/12\/IMG_9215-1-2048x1365.jpg 2048w\" sizes=\"auto, (max-width: 1024px) 100vw, 1024px\" \/><\/a><\/p>\n<p>&nbsp;<\/p>\n<p>Fico tamb\u00e9m a saber que no planalto aqui ao lado se cultivava milho e centeio e que estas ru\u00ednas, como suspeitava, eram os currais onde guardavam as vacas e outros animais. \u201cAs pulgas eram aos milh\u00f5es. Assim n\u00e3o chegavam \u00e0 aldeia\u201d.<\/p>\n<p>Est\u00e1 acompanhada pela Lira e pelo Max. A primeira \u00e9 uma perdigueira que foi abandonada por ca\u00e7adores no Inverno de 2013. \u201cEra muito desconfiada, fugia muito, at\u00e9 que deixei a porta da cozinha aberta. Passadas duas horas, entrou. E ficou\u201d. O Max, um rafeiro simp\u00e1tico de pelo amarelo, \u00e9 j\u00e1 \u201cum velho companheiro\u201d.<\/p>\n<p>\u201cTenho de ir recolher as cabras\u201d, diz-me. Pergunto se a posso acompanhar. \u201cSim, claro\u201d.<br \/>\nAtravessamos Drave e enveredamos por um trilho que arranca a noroeste da aldeia. \u201cSei bem onde elas est\u00e3o, as malandras\u201d.<\/p>\n<p>&nbsp;<\/p>\n<p><a href=\"https:\/\/www.cronicasdamadrugada.com\/wpc\/wp-content\/uploads\/2020\/12\/IMG_9327-2-scaled.jpg\"><img loading=\"lazy\" decoding=\"async\" class=\"aligncenter wp-image-1859 size-large\" src=\"https:\/\/www.cronicasdamadrugada.com\/wpc\/wp-content\/uploads\/2020\/12\/IMG_9327-2-1024x683.jpg\" alt=\"\" width=\"1024\" height=\"683\" srcset=\"https:\/\/www.cronicasdamadrugada.com\/wpc\/wp-content\/uploads\/2020\/12\/IMG_9327-2-1024x683.jpg 1024w, https:\/\/www.cronicasdamadrugada.com\/wpc\/wp-content\/uploads\/2020\/12\/IMG_9327-2-300x200.jpg 300w, https:\/\/www.cronicasdamadrugada.com\/wpc\/wp-content\/uploads\/2020\/12\/IMG_9327-2-768x512.jpg 768w, https:\/\/www.cronicasdamadrugada.com\/wpc\/wp-content\/uploads\/2020\/12\/IMG_9327-2-1536x1024.jpg 1536w, https:\/\/www.cronicasdamadrugada.com\/wpc\/wp-content\/uploads\/2020\/12\/IMG_9327-2-2048x1365.jpg 2048w\" sizes=\"auto, (max-width: 1024px) 100vw, 1024px\" \/><\/a><\/p>\n<p><a href=\"https:\/\/www.cronicasdamadrugada.com\/wpc\/wp-content\/uploads\/2020\/12\/IMG_9253-scaled.jpg\"><img loading=\"lazy\" decoding=\"async\" class=\"aligncenter wp-image-1868 size-large\" src=\"https:\/\/www.cronicasdamadrugada.com\/wpc\/wp-content\/uploads\/2020\/12\/IMG_9253-1024x683.jpg\" alt=\"\" width=\"1024\" height=\"683\" srcset=\"https:\/\/www.cronicasdamadrugada.com\/wpc\/wp-content\/uploads\/2020\/12\/IMG_9253-1024x683.jpg 1024w, https:\/\/www.cronicasdamadrugada.com\/wpc\/wp-content\/uploads\/2020\/12\/IMG_9253-300x200.jpg 300w, https:\/\/www.cronicasdamadrugada.com\/wpc\/wp-content\/uploads\/2020\/12\/IMG_9253-768x512.jpg 768w, https:\/\/www.cronicasdamadrugada.com\/wpc\/wp-content\/uploads\/2020\/12\/IMG_9253-1536x1024.jpg 1536w, https:\/\/www.cronicasdamadrugada.com\/wpc\/wp-content\/uploads\/2020\/12\/IMG_9253-2048x1365.jpg 2048w\" sizes=\"auto, (max-width: 1024px) 100vw, 1024px\" \/><\/a><\/p>\n<p>&nbsp;<\/p>\n<p>Caminhamos e conversamos sobre tudo e mais alguma coisa. Esta pastora \u00e9 uma caixinha de surpresas. Fala-me em document\u00e1rios sobre a Mong\u00f3lia, o Caso Monte Branco, casas brasonadas, as origens gregas dos anfiteatros, no tempo da filosofia, \u201ca ci\u00eancia dos malandros\u201d.<\/p>\n<p>Ap\u00f3s 20 minutos, chegamos a um lugar chamado Vale de Palhais. \u201cAdoro este s\u00edtio. \u00c9 lindo e tranquilo. No Inverno vimos muito para aqui, n\u00e3o d\u00e1 vento, \u00e9 mais abrigado\u201d. Ap\u00f3s algumas onomatopeias da dona, cerca de 30 cabras emergem subitamente da vegeta\u00e7\u00e3o em redor de id\u00edlicas piscinas naturais em tons verde-esmeralda. Ela j\u00e1 sabia onde as encontrar. \u201c\u00c0 hora de vir embora \u00e9 que lhes d\u00e1 o apetite\u201d.<\/p>\n<p>&nbsp;<\/p>\n<p><a href=\"https:\/\/www.cronicasdamadrugada.com\/wpc\/wp-content\/uploads\/2020\/12\/IMG_9283-scaled.jpg\"><img loading=\"lazy\" decoding=\"async\" class=\"aligncenter wp-image-1862 size-large\" src=\"https:\/\/www.cronicasdamadrugada.com\/wpc\/wp-content\/uploads\/2020\/12\/IMG_9283-1024x683.jpg\" alt=\"\" width=\"1024\" height=\"683\" srcset=\"https:\/\/www.cronicasdamadrugada.com\/wpc\/wp-content\/uploads\/2020\/12\/IMG_9283-1024x683.jpg 1024w, https:\/\/www.cronicasdamadrugada.com\/wpc\/wp-content\/uploads\/2020\/12\/IMG_9283-300x200.jpg 300w, https:\/\/www.cronicasdamadrugada.com\/wpc\/wp-content\/uploads\/2020\/12\/IMG_9283-768x512.jpg 768w, https:\/\/www.cronicasdamadrugada.com\/wpc\/wp-content\/uploads\/2020\/12\/IMG_9283-1536x1024.jpg 1536w, https:\/\/www.cronicasdamadrugada.com\/wpc\/wp-content\/uploads\/2020\/12\/IMG_9283-2048x1365.jpg 2048w\" sizes=\"auto, (max-width: 1024px) 100vw, 1024px\" \/><\/a><\/p>\n<p><a href=\"https:\/\/www.cronicasdamadrugada.com\/wpc\/wp-content\/uploads\/2020\/12\/IMG_9313-2-scaled.jpg\"><img loading=\"lazy\" decoding=\"async\" class=\"aligncenter wp-image-1883 size-large\" src=\"https:\/\/www.cronicasdamadrugada.com\/wpc\/wp-content\/uploads\/2020\/12\/IMG_9313-2-1024x683.jpg\" alt=\"\" width=\"1024\" height=\"683\" srcset=\"https:\/\/www.cronicasdamadrugada.com\/wpc\/wp-content\/uploads\/2020\/12\/IMG_9313-2-1024x683.jpg 1024w, https:\/\/www.cronicasdamadrugada.com\/wpc\/wp-content\/uploads\/2020\/12\/IMG_9313-2-300x200.jpg 300w, https:\/\/www.cronicasdamadrugada.com\/wpc\/wp-content\/uploads\/2020\/12\/IMG_9313-2-768x512.jpg 768w, https:\/\/www.cronicasdamadrugada.com\/wpc\/wp-content\/uploads\/2020\/12\/IMG_9313-2-1536x1024.jpg 1536w, https:\/\/www.cronicasdamadrugada.com\/wpc\/wp-content\/uploads\/2020\/12\/IMG_9313-2-2048x1366.jpg 2048w\" sizes=\"auto, (max-width: 1024px) 100vw, 1024px\" \/><\/a><\/p>\n<p>&nbsp;<\/p>\n<p>Deitado num manto de flores roxas, o Max tem os olhos postos no fundo do vale. Embora bonita, esta zona \u00e9 perigosa. S\u00e3o frequentes os ataques de lobos. No \u00faltimo, F\u00e1tima perdeu 10 cabras de uma assentada. Tenta sempre regressar antes dos primeiros sinais do anoitecer. \u201cMais 15 minutos e vamos\u201d.<br \/>\nMais tarde, irei descobrir que a povoa\u00e7\u00e3o principal da zona, Regoufe, foi batizada pelos Visigodos e traduz-se: \u201cRei dos lobos\u201d.<\/p>\n<p>&nbsp;<\/p>\n<p><a href=\"https:\/\/www.cronicasdamadrugada.com\/wpc\/wp-content\/uploads\/2020\/12\/IMG_9296-scaled.jpg\"><img loading=\"lazy\" decoding=\"async\" class=\"aligncenter wp-image-1863 size-large\" src=\"https:\/\/www.cronicasdamadrugada.com\/wpc\/wp-content\/uploads\/2020\/12\/IMG_9296-1024x683.jpg\" alt=\"\" width=\"1024\" height=\"683\" srcset=\"https:\/\/www.cronicasdamadrugada.com\/wpc\/wp-content\/uploads\/2020\/12\/IMG_9296-1024x683.jpg 1024w, https:\/\/www.cronicasdamadrugada.com\/wpc\/wp-content\/uploads\/2020\/12\/IMG_9296-300x200.jpg 300w, https:\/\/www.cronicasdamadrugada.com\/wpc\/wp-content\/uploads\/2020\/12\/IMG_9296-768x512.jpg 768w, https:\/\/www.cronicasdamadrugada.com\/wpc\/wp-content\/uploads\/2020\/12\/IMG_9296-1536x1024.jpg 1536w, https:\/\/www.cronicasdamadrugada.com\/wpc\/wp-content\/uploads\/2020\/12\/IMG_9296-2048x1365.jpg 2048w\" sizes=\"auto, (max-width: 1024px) 100vw, 1024px\" \/><\/a><\/p>\n<p><a href=\"https:\/\/www.cronicasdamadrugada.com\/wpc\/wp-content\/uploads\/2020\/12\/IMG_9286-scaled.jpg\"><img loading=\"lazy\" decoding=\"async\" class=\"aligncenter wp-image-1864 size-large\" src=\"https:\/\/www.cronicasdamadrugada.com\/wpc\/wp-content\/uploads\/2020\/12\/IMG_9286-1024x683.jpg\" alt=\"\" width=\"1024\" height=\"683\" srcset=\"https:\/\/www.cronicasdamadrugada.com\/wpc\/wp-content\/uploads\/2020\/12\/IMG_9286-1024x683.jpg 1024w, https:\/\/www.cronicasdamadrugada.com\/wpc\/wp-content\/uploads\/2020\/12\/IMG_9286-300x200.jpg 300w, https:\/\/www.cronicasdamadrugada.com\/wpc\/wp-content\/uploads\/2020\/12\/IMG_9286-768x512.jpg 768w, https:\/\/www.cronicasdamadrugada.com\/wpc\/wp-content\/uploads\/2020\/12\/IMG_9286-1536x1024.jpg 1536w, https:\/\/www.cronicasdamadrugada.com\/wpc\/wp-content\/uploads\/2020\/12\/IMG_9286-2048x1365.jpg 2048w\" sizes=\"auto, (max-width: 1024px) 100vw, 1024px\" \/><\/a><\/p>\n<p>&nbsp;<\/p>\n<p>Palhais \u00e9 outra aldeia deserta. Fica do outro lado deste vale. \u201cEra um s\u00edtio pequeno, tem meia-d\u00fazia de casas abandonadas\u201d. \u201cH\u00e1 quanto tempo?\u201d, pergunto. \u201cUi, h\u00e1 s\u00e9culos. \u00c9 muito antigo, \u00e9 dos in\u00edcios dos in\u00edcios\u201d. A resposta dela faz-me sorrir, mexe com o meu imagin\u00e1rio. Remete-me de imediato \u00e0 s\u00e9rie Game of Thrones e aos \u201cprimeiros homens\u201d. Ela deve ter lido esse entusiasmo no meu rosto e alerta de imediato: \u201cAquilo \u00e9 horr\u00edvel, n\u00e3o v\u00e1 l\u00e1\u201d. \u201cOk\u201d, digo com um sorriso, enquanto deambulo a tirar fotografias.<\/p>\n<p>Instantes depois, noto que ela est\u00e1 im\u00f3vel, com uma express\u00e3o mais s\u00e9ria e nitidamente \u00e0 minha espera. \u201cN\u00e3o vou sem voc\u00ea, antes que decida l\u00e1 ir\u201d. A sua voz foi como uma m\u00e3o-cheia de tempero derramado nesse sabor a terra maldita que estava a agu\u00e7ar cada vez mais o apetite da minha curiosidade. Quase conseguia ver a fritadeira a salpicar, o refogado cada vez mais apurado, o fumo a ascender e a mergulhar nas minhas narinas. Conhe\u00e7o-me, sei que n\u00e3o \u00e9 muito dif\u00edcil a curiosidade transformar-se em fasc\u00ednio. E eu come\u00e7ava a sentir essa metamorfose.<\/p>\n<p>Voltei a olhar para a F\u00e1tima. A sua pose denunciava irredutibilidade. Para al\u00e9m disso, j\u00e1 s\u00e3o 19 horas, j\u00e1 n\u00e3o deve faltar muito para escurecer. Resolvi seguir a sua vontade e voltar as costas \u00e0quele trilho que se perde \u00e0 dist\u00e2ncia numa curva do vale. \u201cTalvez amanh\u00e3\u201d, pensei.<\/p>\n<p>&nbsp;<\/p>\n<p><a href=\"https:\/\/www.cronicasdamadrugada.com\/wpc\/wp-content\/uploads\/2020\/12\/IMG_9306-scaled.jpg\"><img loading=\"lazy\" decoding=\"async\" class=\"aligncenter wp-image-1865 size-large\" src=\"https:\/\/www.cronicasdamadrugada.com\/wpc\/wp-content\/uploads\/2020\/12\/IMG_9306-1024x683.jpg\" alt=\"\" width=\"1024\" height=\"683\" srcset=\"https:\/\/www.cronicasdamadrugada.com\/wpc\/wp-content\/uploads\/2020\/12\/IMG_9306-1024x683.jpg 1024w, https:\/\/www.cronicasdamadrugada.com\/wpc\/wp-content\/uploads\/2020\/12\/IMG_9306-300x200.jpg 300w, https:\/\/www.cronicasdamadrugada.com\/wpc\/wp-content\/uploads\/2020\/12\/IMG_9306-768x512.jpg 768w, https:\/\/www.cronicasdamadrugada.com\/wpc\/wp-content\/uploads\/2020\/12\/IMG_9306-1536x1024.jpg 1536w, https:\/\/www.cronicasdamadrugada.com\/wpc\/wp-content\/uploads\/2020\/12\/IMG_9306-2048x1365.jpg 2048w\" sizes=\"auto, (max-width: 1024px) 100vw, 1024px\" \/><\/a><\/p>\n<p>&nbsp;<\/p>\n<p>No caminho de volta a Drave, decido partilhar com a F\u00e1tima o meu plano <em>(ler <a href=\"https:\/\/www.cronicasdamadrugada.com\/wpc\/uma-noite-com-drave-so-para-mim-i-a-caminhada\/\" target=\"_blank\" rel=\"noopener noreferrer\">texto I<\/a>)<\/em>. Fica nitidamente surpreendida. \u201cE vai dormir onde?\u201d. Digo-lhe que trouxe uma tenda e estou a pensar acampar no planalto de centeio, perto do cruzeiro. F\u00e1tima olha para mim mais uma vez, olhos nos olhos, como se me estivesse a perscrutar a alma. At\u00e9 que sorri e diz: \u201cAcho que n\u00e3o vai ser preciso\u201d. A resposta deixa-me intrigado, mas ela n\u00e3o me esclarece at\u00e9 chegar \u00e0 aldeia.<\/p>\n<p>Leva-me \u00e0s traseiras de uma casa de xisto com dois andares, ensina-me como destrancar a porta de madeira e diz: \u201cPode dormir aqui, esta casa \u00e9 dos escuteiros, eu sou amiga de um dos respons\u00e1veis, eu falo com ele e tenho a certeza que ele n\u00e3o se vai importar\u201d.<\/p>\n<p>&nbsp;<\/p>\n<p><a href=\"https:\/\/www.cronicasdamadrugada.com\/wpc\/wp-content\/uploads\/2020\/12\/IMG_9308-scaled.jpg\"><img loading=\"lazy\" decoding=\"async\" class=\"aligncenter wp-image-1869 size-large\" src=\"https:\/\/www.cronicasdamadrugada.com\/wpc\/wp-content\/uploads\/2020\/12\/IMG_9308-1024x683.jpg\" alt=\"\" width=\"1024\" height=\"683\" srcset=\"https:\/\/www.cronicasdamadrugada.com\/wpc\/wp-content\/uploads\/2020\/12\/IMG_9308-1024x683.jpg 1024w, https:\/\/www.cronicasdamadrugada.com\/wpc\/wp-content\/uploads\/2020\/12\/IMG_9308-300x200.jpg 300w, https:\/\/www.cronicasdamadrugada.com\/wpc\/wp-content\/uploads\/2020\/12\/IMG_9308-768x512.jpg 768w, https:\/\/www.cronicasdamadrugada.com\/wpc\/wp-content\/uploads\/2020\/12\/IMG_9308-1536x1024.jpg 1536w, https:\/\/www.cronicasdamadrugada.com\/wpc\/wp-content\/uploads\/2020\/12\/IMG_9308-2048x1365.jpg 2048w\" sizes=\"auto, (max-width: 1024px) 100vw, 1024px\" \/><\/a><\/p>\n<p>&nbsp;<\/p>\n<p>Fico empolgado com a ideia, mas tamb\u00e9m reticente. Uma coisa era pernoitar na aldeia, outra \u00e9 faz\u00ea-lo numa das casas. Sentia-me clandestino. \u201cN\u00e3o d\u00e1 para lhe ligar agora e j\u00e1 ficamos a saber?\u201d. As gargalhadas dela refrescam-me de imediato a mem\u00f3ria. \u201cPois, que estupidez, aqui n\u00e3o h\u00e1 rede de telem\u00f3vel, pois n\u00e3o?\u201d, interrogo em jeito de afirma\u00e7\u00e3o. \u201cZero\u201d, responde-me. \u201cEst\u00e1 e vai ficar completamente incontact\u00e1vel\u201d.<\/p>\n<p>Como uma zelosa anfitri\u00e3, F\u00e1tima mostra-me todos os cantos \u00e0 casa. No andar de baixo, existem v\u00e1rios beliches de madeira com colch\u00f5es de esponja e tamb\u00e9m a \u00fanica casa-de-banho. No andar de cima, h\u00e1 uma cozinha r\u00fastica e um sal\u00e3o com quatro mesas corridas e um teto revestido com t-shirts coloridas de diferentes grupos escutistas.<\/p>\n<p>&nbsp;<\/p>\n<p><a href=\"https:\/\/www.cronicasdamadrugada.com\/wpc\/wp-content\/uploads\/2020\/12\/IMG_9231-scaled.jpg\"><img loading=\"lazy\" decoding=\"async\" class=\"aligncenter wp-image-1866 size-large\" src=\"https:\/\/www.cronicasdamadrugada.com\/wpc\/wp-content\/uploads\/2020\/12\/IMG_9231-1024x683.jpg\" alt=\"\" width=\"1024\" height=\"683\" srcset=\"https:\/\/www.cronicasdamadrugada.com\/wpc\/wp-content\/uploads\/2020\/12\/IMG_9231-1024x683.jpg 1024w, https:\/\/www.cronicasdamadrugada.com\/wpc\/wp-content\/uploads\/2020\/12\/IMG_9231-300x200.jpg 300w, https:\/\/www.cronicasdamadrugada.com\/wpc\/wp-content\/uploads\/2020\/12\/IMG_9231-768x512.jpg 768w, https:\/\/www.cronicasdamadrugada.com\/wpc\/wp-content\/uploads\/2020\/12\/IMG_9231-1536x1024.jpg 1536w, https:\/\/www.cronicasdamadrugada.com\/wpc\/wp-content\/uploads\/2020\/12\/IMG_9231-2048x1365.jpg 2048w\" sizes=\"auto, (max-width: 1024px) 100vw, 1024px\" \/><\/a><\/p>\n<p>&nbsp;<\/p>\n<p><a href=\"https:\/\/www.cronicasdamadrugada.com\/wpc\/wp-content\/uploads\/2020\/12\/IMG_9241-scaled.jpg\"><img loading=\"lazy\" decoding=\"async\" class=\"aligncenter wp-image-1867 size-large\" src=\"https:\/\/www.cronicasdamadrugada.com\/wpc\/wp-content\/uploads\/2020\/12\/IMG_9241-1024x683.jpg\" alt=\"\" width=\"1024\" height=\"683\" srcset=\"https:\/\/www.cronicasdamadrugada.com\/wpc\/wp-content\/uploads\/2020\/12\/IMG_9241-1024x683.jpg 1024w, https:\/\/www.cronicasdamadrugada.com\/wpc\/wp-content\/uploads\/2020\/12\/IMG_9241-300x200.jpg 300w, https:\/\/www.cronicasdamadrugada.com\/wpc\/wp-content\/uploads\/2020\/12\/IMG_9241-768x512.jpg 768w, https:\/\/www.cronicasdamadrugada.com\/wpc\/wp-content\/uploads\/2020\/12\/IMG_9241-1536x1024.jpg 1536w, https:\/\/www.cronicasdamadrugada.com\/wpc\/wp-content\/uploads\/2020\/12\/IMG_9241-2048x1365.jpg 2048w\" sizes=\"auto, (max-width: 1024px) 100vw, 1024px\" \/><\/a><\/p>\n<p>&nbsp;<\/p>\n<p>Vou l\u00e1 fora buscar a mochila, que tinha deixado escondida na aldeia durante a caminhada at\u00e9 ao vale de Palhais. Olho para o saco da tenda e sorrio com a ironia. Optei pela tenda de Ver\u00e3o mais b\u00e1sica, leve e barata que tenho. E mesmo assim, foi o item mais pesado que trouxe, quase tr\u00eas quilos que, afinal, escusava de ter carregado. \u201cQuem \u00e9 que ia adivinhar?\u201d.<\/p>\n<p>Ainda incr\u00e9dulo com esta reviravolta, volto a agradecer a F\u00e1tima e pe\u00e7o-lhe um favor. Dou-lhe o meu n\u00famero de telefone de casa em \u00c1gueda, onde est\u00e1 a minha m\u00e3e e a minha namorada, e pergunto-lhe se pode ligar esta noite a dizer que estou bem. Tira-me o papel da m\u00e3o com um sorriso, por onde deixa escoar as palavras \u201cclaro que sim\u201d, chama os c\u00e3es e segue caminho.<\/p>\n<p>&nbsp;<\/p>\n<p><a href=\"https:\/\/www.cronicasdamadrugada.com\/wpc\/wp-content\/uploads\/2020\/12\/IMG_9257-scaled.jpg\"><img loading=\"lazy\" decoding=\"async\" class=\"aligncenter wp-image-1872 \" src=\"https:\/\/www.cronicasdamadrugada.com\/wpc\/wp-content\/uploads\/2020\/12\/IMG_9257-683x1024.jpg\" alt=\"\" width=\"500\" height=\"749\" srcset=\"https:\/\/www.cronicasdamadrugada.com\/wpc\/wp-content\/uploads\/2020\/12\/IMG_9257-683x1024.jpg 683w, https:\/\/www.cronicasdamadrugada.com\/wpc\/wp-content\/uploads\/2020\/12\/IMG_9257-200x300.jpg 200w, https:\/\/www.cronicasdamadrugada.com\/wpc\/wp-content\/uploads\/2020\/12\/IMG_9257-768x1152.jpg 768w, https:\/\/www.cronicasdamadrugada.com\/wpc\/wp-content\/uploads\/2020\/12\/IMG_9257-1024x1536.jpg 1024w, https:\/\/www.cronicasdamadrugada.com\/wpc\/wp-content\/uploads\/2020\/12\/IMG_9257-1365x2048.jpg 1365w, https:\/\/www.cronicasdamadrugada.com\/wpc\/wp-content\/uploads\/2020\/12\/IMG_9257-scaled.jpg 1707w\" sizes=\"auto, (max-width: 500px) 100vw, 500px\" \/><\/a><\/p>\n<p>&nbsp;<\/p>\n<p>Fico a observ\u00e1-la a afastar-se, de cajado na m\u00e3o e com o sentimento, presumo, de mais um dia de dever cumprido. Hoje excedeu esse dever e f\u00ea-lo com um dos excessos mais belos e et\u00e9reos da nossa exist\u00eancia: com um gesto gentil para com um estranho.<\/p>\n<p>J\u00e1 na subida que leva ao cruzeiro, para, vira-se para tr\u00e1s e grita: \u201cAhh \u00e9 verdade. N\u00e3o se diz \u2018ir a Drave\u2019. \u00c9 \u2018fui \u00e0 drave\u2019. E N\u00e3o \u00e9 \u2018em Drave\u2019. \u00c9 \u2018na Drave\u2019.\u201d<\/p>\n<p>&nbsp;<\/p>\n<p><a href=\"https:\/\/www.cronicasdamadrugada.com\/wpc\/uma-noite-com-drave-so-para-mim-iii-esplendida-insonia\/\" target=\"_blank\" rel=\"noopener noreferrer\"><strong><em>[Ler \u00faltimo cap\u00edtulo]<\/em><\/strong><\/a><\/p>\n","protected":false},"excerpt":{"rendered":"<p>Quando cheguei, Drave tinha duas surpresas para mim. Uma companhia inesperada e surpreendente durante o entardecer. E um desfecho diferente para o meu plano noturno. Ia ter na mesma a aldeia s\u00f3 para mim, mas a noite seria um pouco distinta da que tinha imaginado. Encantamentos da espontaneidade na aldeia m\u00e1gica. <\/p>\n","protected":false},"author":1,"featured_media":1857,"comment_status":"open","ping_status":"open","sticky":false,"template":"","format":"standard","meta":{"sfsi_plus_gutenberg_text_before_share":"","sfsi_plus_gutenberg_show_text_before_share":"","sfsi_plus_gutenberg_icon_type":"","sfsi_plus_gutenberg_icon_alignemt":"","sfsi_plus_gutenburg_max_per_row":"","_monsterinsights_skip_tracking":false,"_monsterinsights_sitenote_active":false,"_monsterinsights_sitenote_note":"","_monsterinsights_sitenote_category":0,"footnotes":""},"categories":[3],"tags":[89],"class_list":["post-1855","post","type-post","status-publish","format-standard","has-post-thumbnail","hentry","category-cronica-inedita","tag-sozinho-em-drave"],"yoast_head":"<!-- This site is optimized with the Yoast SEO plugin v26.9 - https:\/\/yoast.com\/product\/yoast-seo-wordpress\/ -->\n<title>UMA NOITE COM DRAVE S\u00d3 PARA MIM \u00abII - A Pastora Anfitri\u00e3\u00bb<\/title>\n<meta name=\"description\" content=\"Decidi fazer o trilho que atravessa as montanhas e passar uma noite com Drave s\u00f3 para mim. S\u00f3 eu, o sil\u00eancio e esta aldeia que chamam de m\u00e1gica.\" \/>\n<meta name=\"robots\" content=\"index, follow, max-snippet:-1, max-image-preview:large, max-video-preview:-1\" \/>\n<link rel=\"canonical\" href=\"https:\/\/www.cronicasdamadrugada.com\/wpc\/uma-noite-com-drave-so-para-mim-ii-a-pastora-anfitria\/\" \/>\n<meta property=\"og:locale\" content=\"pt_PT\" \/>\n<meta property=\"og:type\" content=\"article\" \/>\n<meta property=\"og:title\" content=\"UMA NOITE COM DRAVE S\u00d3 PARA MIM \u00abII - A Pastora Anfitri\u00e3\u00bb\" \/>\n<meta property=\"og:description\" content=\"Decidi fazer o trilho que atravessa as montanhas e passar uma noite com Drave s\u00f3 para mim. S\u00f3 eu, o sil\u00eancio e esta aldeia que chamam de m\u00e1gica.\" \/>\n<meta property=\"og:url\" content=\"https:\/\/www.cronicasdamadrugada.com\/wpc\/uma-noite-com-drave-so-para-mim-ii-a-pastora-anfitria\/\" \/>\n<meta property=\"og:site_name\" content=\"CR\u00d3NICAS DA MADRUGADA\" \/>\n<meta property=\"article:publisher\" content=\"https:\/\/www.facebook.com\/cronicasmadrugada\/\" \/>\n<meta property=\"article:published_time\" content=\"2020-12-11T21:09:46+00:00\" \/>\n<meta property=\"article:modified_time\" content=\"2020-12-21T20:46:00+00:00\" \/>\n<meta property=\"og:image\" content=\"https:\/\/www.cronicasdamadrugada.com\/wpc\/wp-content\/uploads\/2020\/12\/IMG_9222-scaled.jpg\" \/>\n\t<meta property=\"og:image:width\" content=\"2560\" \/>\n\t<meta property=\"og:image:height\" content=\"1707\" \/>\n\t<meta property=\"og:image:type\" content=\"image\/jpeg\" \/>\n<meta name=\"author\" content=\"Victor Melo\" \/>\n<meta name=\"twitter:label1\" content=\"Escrito por\" \/>\n\t<meta name=\"twitter:data1\" content=\"Victor Melo\" \/>\n\t<meta name=\"twitter:label2\" content=\"Tempo estimado de leitura\" \/>\n\t<meta name=\"twitter:data2\" content=\"6 minutos\" \/>\n<script type=\"application\/ld+json\" class=\"yoast-schema-graph\">{\"@context\":\"https:\/\/schema.org\",\"@graph\":[{\"@type\":\"Article\",\"@id\":\"https:\/\/www.cronicasdamadrugada.com\/wpc\/uma-noite-com-drave-so-para-mim-ii-a-pastora-anfitria\/#article\",\"isPartOf\":{\"@id\":\"https:\/\/www.cronicasdamadrugada.com\/wpc\/uma-noite-com-drave-so-para-mim-ii-a-pastora-anfitria\/\"},\"author\":{\"name\":\"Victor Melo\",\"@id\":\"https:\/\/www.cronicasdamadrugada.com\/wpc\/#\/schema\/person\/d5c4cc940e2c71f7919385cf8e5b635d\"},\"headline\":\"UMA NOITE COM DRAVE S\u00d3 PARA MIM \u00abII &#8211; A Pastora Anfitri\u00e3\u00bb\",\"datePublished\":\"2020-12-11T21:09:46+00:00\",\"dateModified\":\"2020-12-21T20:46:00+00:00\",\"mainEntityOfPage\":{\"@id\":\"https:\/\/www.cronicasdamadrugada.com\/wpc\/uma-noite-com-drave-so-para-mim-ii-a-pastora-anfitria\/\"},\"wordCount\":1243,\"commentCount\":1,\"image\":{\"@id\":\"https:\/\/www.cronicasdamadrugada.com\/wpc\/uma-noite-com-drave-so-para-mim-ii-a-pastora-anfitria\/#primaryimage\"},\"thumbnailUrl\":\"https:\/\/www.cronicasdamadrugada.com\/wpc\/wp-content\/uploads\/2020\/12\/IMG_9222-scaled.jpg\",\"keywords\":[\"SOZINHO EM DRAVE\"],\"articleSection\":[\"Cr\u00f3nicas In\u00e9ditas\"],\"inLanguage\":\"pt-PT\",\"potentialAction\":[{\"@type\":\"CommentAction\",\"name\":\"Comment\",\"target\":[\"https:\/\/www.cronicasdamadrugada.com\/wpc\/uma-noite-com-drave-so-para-mim-ii-a-pastora-anfitria\/#respond\"]}]},{\"@type\":\"WebPage\",\"@id\":\"https:\/\/www.cronicasdamadrugada.com\/wpc\/uma-noite-com-drave-so-para-mim-ii-a-pastora-anfitria\/\",\"url\":\"https:\/\/www.cronicasdamadrugada.com\/wpc\/uma-noite-com-drave-so-para-mim-ii-a-pastora-anfitria\/\",\"name\":\"UMA NOITE COM DRAVE S\u00d3 PARA MIM \u00abII - A Pastora Anfitri\u00e3\u00bb\",\"isPartOf\":{\"@id\":\"https:\/\/www.cronicasdamadrugada.com\/wpc\/#website\"},\"primaryImageOfPage\":{\"@id\":\"https:\/\/www.cronicasdamadrugada.com\/wpc\/uma-noite-com-drave-so-para-mim-ii-a-pastora-anfitria\/#primaryimage\"},\"image\":{\"@id\":\"https:\/\/www.cronicasdamadrugada.com\/wpc\/uma-noite-com-drave-so-para-mim-ii-a-pastora-anfitria\/#primaryimage\"},\"thumbnailUrl\":\"https:\/\/www.cronicasdamadrugada.com\/wpc\/wp-content\/uploads\/2020\/12\/IMG_9222-scaled.jpg\",\"datePublished\":\"2020-12-11T21:09:46+00:00\",\"dateModified\":\"2020-12-21T20:46:00+00:00\",\"author\":{\"@id\":\"https:\/\/www.cronicasdamadrugada.com\/wpc\/#\/schema\/person\/d5c4cc940e2c71f7919385cf8e5b635d\"},\"description\":\"Decidi fazer o trilho que atravessa as montanhas e passar uma noite com Drave s\u00f3 para mim. S\u00f3 eu, o sil\u00eancio e esta aldeia que chamam de m\u00e1gica.\",\"breadcrumb\":{\"@id\":\"https:\/\/www.cronicasdamadrugada.com\/wpc\/uma-noite-com-drave-so-para-mim-ii-a-pastora-anfitria\/#breadcrumb\"},\"inLanguage\":\"pt-PT\",\"potentialAction\":[{\"@type\":\"ReadAction\",\"target\":[\"https:\/\/www.cronicasdamadrugada.com\/wpc\/uma-noite-com-drave-so-para-mim-ii-a-pastora-anfitria\/\"]}]},{\"@type\":\"ImageObject\",\"inLanguage\":\"pt-PT\",\"@id\":\"https:\/\/www.cronicasdamadrugada.com\/wpc\/uma-noite-com-drave-so-para-mim-ii-a-pastora-anfitria\/#primaryimage\",\"url\":\"https:\/\/www.cronicasdamadrugada.com\/wpc\/wp-content\/uploads\/2020\/12\/IMG_9222-scaled.jpg\",\"contentUrl\":\"https:\/\/www.cronicasdamadrugada.com\/wpc\/wp-content\/uploads\/2020\/12\/IMG_9222-scaled.jpg\",\"width\":2560,\"height\":1707},{\"@type\":\"BreadcrumbList\",\"@id\":\"https:\/\/www.cronicasdamadrugada.com\/wpc\/uma-noite-com-drave-so-para-mim-ii-a-pastora-anfitria\/#breadcrumb\",\"itemListElement\":[{\"@type\":\"ListItem\",\"position\":1,\"name\":\"Home\",\"item\":\"https:\/\/www.cronicasdamadrugada.com\/wpc\/\"},{\"@type\":\"ListItem\",\"position\":2,\"name\":\"UMA NOITE COM DRAVE S\u00d3 PARA MIM \u00abII &#8211; A Pastora Anfitri\u00e3\u00bb\"}]},{\"@type\":\"WebSite\",\"@id\":\"https:\/\/www.cronicasdamadrugada.com\/wpc\/#website\",\"url\":\"https:\/\/www.cronicasdamadrugada.com\/wpc\/\",\"name\":\"CR\u00d3NICAS DA MADRUGADA\",\"description\":\"Reportagens, aventuras, viagens, mist\u00e9rios, cultura, emo\u00e7\u00f5es. Um mundo feito de p\u00e1ginas e cafe\u00edna para acompanhar as madrugadas mais solit\u00e1rias.\",\"potentialAction\":[{\"@type\":\"SearchAction\",\"target\":{\"@type\":\"EntryPoint\",\"urlTemplate\":\"https:\/\/www.cronicasdamadrugada.com\/wpc\/?s={search_term_string}\"},\"query-input\":{\"@type\":\"PropertyValueSpecification\",\"valueRequired\":true,\"valueName\":\"search_term_string\"}}],\"inLanguage\":\"pt-PT\"},{\"@type\":\"Person\",\"@id\":\"https:\/\/www.cronicasdamadrugada.com\/wpc\/#\/schema\/person\/d5c4cc940e2c71f7919385cf8e5b635d\",\"name\":\"Victor Melo\",\"image\":{\"@type\":\"ImageObject\",\"inLanguage\":\"pt-PT\",\"@id\":\"https:\/\/www.cronicasdamadrugada.com\/wpc\/#\/schema\/person\/image\/\",\"url\":\"https:\/\/www.cronicasdamadrugada.com\/wpc\/wp-content\/uploads\/2015\/04\/old-typewriter-100x100.jpg\",\"contentUrl\":\"https:\/\/www.cronicasdamadrugada.com\/wpc\/wp-content\/uploads\/2015\/04\/old-typewriter-100x100.jpg\",\"caption\":\"Victor Melo\"},\"sameAs\":[\"Victor Melo\"],\"url\":\"https:\/\/www.cronicasdamadrugada.com\/wpc\/author\/victor\/\"}]}<\/script>\n<!-- \/ Yoast SEO plugin. -->","yoast_head_json":{"title":"UMA NOITE COM DRAVE S\u00d3 PARA MIM \u00abII - A Pastora Anfitri\u00e3\u00bb","description":"Decidi fazer o trilho que atravessa as montanhas e passar uma noite com Drave s\u00f3 para mim. S\u00f3 eu, o sil\u00eancio e esta aldeia que chamam de m\u00e1gica.","robots":{"index":"index","follow":"follow","max-snippet":"max-snippet:-1","max-image-preview":"max-image-preview:large","max-video-preview":"max-video-preview:-1"},"canonical":"https:\/\/www.cronicasdamadrugada.com\/wpc\/uma-noite-com-drave-so-para-mim-ii-a-pastora-anfitria\/","og_locale":"pt_PT","og_type":"article","og_title":"UMA NOITE COM DRAVE S\u00d3 PARA MIM \u00abII - A Pastora Anfitri\u00e3\u00bb","og_description":"Decidi fazer o trilho que atravessa as montanhas e passar uma noite com Drave s\u00f3 para mim. S\u00f3 eu, o sil\u00eancio e esta aldeia que chamam de m\u00e1gica.","og_url":"https:\/\/www.cronicasdamadrugada.com\/wpc\/uma-noite-com-drave-so-para-mim-ii-a-pastora-anfitria\/","og_site_name":"CR\u00d3NICAS DA MADRUGADA","article_publisher":"https:\/\/www.facebook.com\/cronicasmadrugada\/","article_published_time":"2020-12-11T21:09:46+00:00","article_modified_time":"2020-12-21T20:46:00+00:00","og_image":[{"width":2560,"height":1707,"url":"https:\/\/www.cronicasdamadrugada.com\/wpc\/wp-content\/uploads\/2020\/12\/IMG_9222-scaled.jpg","type":"image\/jpeg"}],"author":"Victor Melo","twitter_misc":{"Escrito por":"Victor Melo","Tempo estimado de leitura":"6 minutos"},"schema":{"@context":"https:\/\/schema.org","@graph":[{"@type":"Article","@id":"https:\/\/www.cronicasdamadrugada.com\/wpc\/uma-noite-com-drave-so-para-mim-ii-a-pastora-anfitria\/#article","isPartOf":{"@id":"https:\/\/www.cronicasdamadrugada.com\/wpc\/uma-noite-com-drave-so-para-mim-ii-a-pastora-anfitria\/"},"author":{"name":"Victor Melo","@id":"https:\/\/www.cronicasdamadrugada.com\/wpc\/#\/schema\/person\/d5c4cc940e2c71f7919385cf8e5b635d"},"headline":"UMA NOITE COM DRAVE S\u00d3 PARA MIM \u00abII &#8211; A Pastora Anfitri\u00e3\u00bb","datePublished":"2020-12-11T21:09:46+00:00","dateModified":"2020-12-21T20:46:00+00:00","mainEntityOfPage":{"@id":"https:\/\/www.cronicasdamadrugada.com\/wpc\/uma-noite-com-drave-so-para-mim-ii-a-pastora-anfitria\/"},"wordCount":1243,"commentCount":1,"image":{"@id":"https:\/\/www.cronicasdamadrugada.com\/wpc\/uma-noite-com-drave-so-para-mim-ii-a-pastora-anfitria\/#primaryimage"},"thumbnailUrl":"https:\/\/www.cronicasdamadrugada.com\/wpc\/wp-content\/uploads\/2020\/12\/IMG_9222-scaled.jpg","keywords":["SOZINHO EM DRAVE"],"articleSection":["Cr\u00f3nicas In\u00e9ditas"],"inLanguage":"pt-PT","potentialAction":[{"@type":"CommentAction","name":"Comment","target":["https:\/\/www.cronicasdamadrugada.com\/wpc\/uma-noite-com-drave-so-para-mim-ii-a-pastora-anfitria\/#respond"]}]},{"@type":"WebPage","@id":"https:\/\/www.cronicasdamadrugada.com\/wpc\/uma-noite-com-drave-so-para-mim-ii-a-pastora-anfitria\/","url":"https:\/\/www.cronicasdamadrugada.com\/wpc\/uma-noite-com-drave-so-para-mim-ii-a-pastora-anfitria\/","name":"UMA NOITE COM DRAVE S\u00d3 PARA MIM \u00abII - A Pastora Anfitri\u00e3\u00bb","isPartOf":{"@id":"https:\/\/www.cronicasdamadrugada.com\/wpc\/#website"},"primaryImageOfPage":{"@id":"https:\/\/www.cronicasdamadrugada.com\/wpc\/uma-noite-com-drave-so-para-mim-ii-a-pastora-anfitria\/#primaryimage"},"image":{"@id":"https:\/\/www.cronicasdamadrugada.com\/wpc\/uma-noite-com-drave-so-para-mim-ii-a-pastora-anfitria\/#primaryimage"},"thumbnailUrl":"https:\/\/www.cronicasdamadrugada.com\/wpc\/wp-content\/uploads\/2020\/12\/IMG_9222-scaled.jpg","datePublished":"2020-12-11T21:09:46+00:00","dateModified":"2020-12-21T20:46:00+00:00","author":{"@id":"https:\/\/www.cronicasdamadrugada.com\/wpc\/#\/schema\/person\/d5c4cc940e2c71f7919385cf8e5b635d"},"description":"Decidi fazer o trilho que atravessa as montanhas e passar uma noite com Drave s\u00f3 para mim. S\u00f3 eu, o sil\u00eancio e esta aldeia que chamam de m\u00e1gica.","breadcrumb":{"@id":"https:\/\/www.cronicasdamadrugada.com\/wpc\/uma-noite-com-drave-so-para-mim-ii-a-pastora-anfitria\/#breadcrumb"},"inLanguage":"pt-PT","potentialAction":[{"@type":"ReadAction","target":["https:\/\/www.cronicasdamadrugada.com\/wpc\/uma-noite-com-drave-so-para-mim-ii-a-pastora-anfitria\/"]}]},{"@type":"ImageObject","inLanguage":"pt-PT","@id":"https:\/\/www.cronicasdamadrugada.com\/wpc\/uma-noite-com-drave-so-para-mim-ii-a-pastora-anfitria\/#primaryimage","url":"https:\/\/www.cronicasdamadrugada.com\/wpc\/wp-content\/uploads\/2020\/12\/IMG_9222-scaled.jpg","contentUrl":"https:\/\/www.cronicasdamadrugada.com\/wpc\/wp-content\/uploads\/2020\/12\/IMG_9222-scaled.jpg","width":2560,"height":1707},{"@type":"BreadcrumbList","@id":"https:\/\/www.cronicasdamadrugada.com\/wpc\/uma-noite-com-drave-so-para-mim-ii-a-pastora-anfitria\/#breadcrumb","itemListElement":[{"@type":"ListItem","position":1,"name":"Home","item":"https:\/\/www.cronicasdamadrugada.com\/wpc\/"},{"@type":"ListItem","position":2,"name":"UMA NOITE COM DRAVE S\u00d3 PARA MIM \u00abII &#8211; A Pastora Anfitri\u00e3\u00bb"}]},{"@type":"WebSite","@id":"https:\/\/www.cronicasdamadrugada.com\/wpc\/#website","url":"https:\/\/www.cronicasdamadrugada.com\/wpc\/","name":"CR\u00d3NICAS DA MADRUGADA","description":"Reportagens, aventuras, viagens, mist\u00e9rios, cultura, emo\u00e7\u00f5es. Um mundo feito de p\u00e1ginas e cafe\u00edna para acompanhar as madrugadas mais solit\u00e1rias.","potentialAction":[{"@type":"SearchAction","target":{"@type":"EntryPoint","urlTemplate":"https:\/\/www.cronicasdamadrugada.com\/wpc\/?s={search_term_string}"},"query-input":{"@type":"PropertyValueSpecification","valueRequired":true,"valueName":"search_term_string"}}],"inLanguage":"pt-PT"},{"@type":"Person","@id":"https:\/\/www.cronicasdamadrugada.com\/wpc\/#\/schema\/person\/d5c4cc940e2c71f7919385cf8e5b635d","name":"Victor Melo","image":{"@type":"ImageObject","inLanguage":"pt-PT","@id":"https:\/\/www.cronicasdamadrugada.com\/wpc\/#\/schema\/person\/image\/","url":"https:\/\/www.cronicasdamadrugada.com\/wpc\/wp-content\/uploads\/2015\/04\/old-typewriter-100x100.jpg","contentUrl":"https:\/\/www.cronicasdamadrugada.com\/wpc\/wp-content\/uploads\/2015\/04\/old-typewriter-100x100.jpg","caption":"Victor Melo"},"sameAs":["Victor Melo"],"url":"https:\/\/www.cronicasdamadrugada.com\/wpc\/author\/victor\/"}]}},"_links":{"self":[{"href":"https:\/\/www.cronicasdamadrugada.com\/wpc\/wp-json\/wp\/v2\/posts\/1855","targetHints":{"allow":["GET"]}}],"collection":[{"href":"https:\/\/www.cronicasdamadrugada.com\/wpc\/wp-json\/wp\/v2\/posts"}],"about":[{"href":"https:\/\/www.cronicasdamadrugada.com\/wpc\/wp-json\/wp\/v2\/types\/post"}],"author":[{"embeddable":true,"href":"https:\/\/www.cronicasdamadrugada.com\/wpc\/wp-json\/wp\/v2\/users\/1"}],"replies":[{"embeddable":true,"href":"https:\/\/www.cronicasdamadrugada.com\/wpc\/wp-json\/wp\/v2\/comments?post=1855"}],"version-history":[{"count":11,"href":"https:\/\/www.cronicasdamadrugada.com\/wpc\/wp-json\/wp\/v2\/posts\/1855\/revisions"}],"predecessor-version":[{"id":1941,"href":"https:\/\/www.cronicasdamadrugada.com\/wpc\/wp-json\/wp\/v2\/posts\/1855\/revisions\/1941"}],"wp:featuredmedia":[{"embeddable":true,"href":"https:\/\/www.cronicasdamadrugada.com\/wpc\/wp-json\/wp\/v2\/media\/1857"}],"wp:attachment":[{"href":"https:\/\/www.cronicasdamadrugada.com\/wpc\/wp-json\/wp\/v2\/media?parent=1855"}],"wp:term":[{"taxonomy":"category","embeddable":true,"href":"https:\/\/www.cronicasdamadrugada.com\/wpc\/wp-json\/wp\/v2\/categories?post=1855"},{"taxonomy":"post_tag","embeddable":true,"href":"https:\/\/www.cronicasdamadrugada.com\/wpc\/wp-json\/wp\/v2\/tags?post=1855"}],"curies":[{"name":"wp","href":"https:\/\/api.w.org\/{rel}","templated":true}]}}